{"id":42,"date":"2007-08-30T17:52:38","date_gmt":"2007-08-30T15:52:38","guid":{"rendered":"http:\/\/www.sportgiallorosso.it\/public\/base\/?p=42"},"modified":"2007-08-31T14:53:37","modified_gmt":"2007-08-31T12:53:37","slug":"rari-nantes-in-piena-attivita","status":"publish","type":"post","link":"http:\/\/www.sportgiallorosso.it\/public\/base\/?p=42","title":{"rendered":"Rari Nantes in piena attivit\u00e0"},"content":{"rendered":"<p>\n<span style=\"font-size: 10pt; font-family: 'Verdana','sans-serif';\">Dopo aver vinto la Coppa Manazzon, quale miglior societ\u00e0 in provincia nel settore Amatori Maschile, il gruppo Master della Rari Nantes Valsugana composto da dieci atleti ha partecipato ai Campionati Italiani Master di Chianciano. Dal 4 al 16 giugno 2007 i tecnici Daniele Armelao e Anna Fontana hanno partecipato per la seconda volta allo stage organizzato dalla Federazione Francese di Nuoto e la locale Universit\u00e0 di Scienze Motorie di Dinard in Bretagna denominato \u201cImparare a nuotare con la nuova didattica della pedagogia attiva di Raymond Catteau\u201d. <\/span><span style=\"font-size: 10pt; font-family: 'Verdana','sans-serif';\">Ricchi di questa esperienza<span>  <\/span>i due tecnici, fra i pochi a seguire in Italia questa didattica assieme ai colleghi di Conegliano e di Ancona, hanno coinvolto quasi trecento ragazzi partecipanti all\u2019edizione 2007 dello Swim Summer Camp. Parecchi gli adulti che si sono iscritti ai corsi di nuoto e di acquagym e soprattutto quaranta ragazzi della squadra hanno potuto allenarsi tutti i giorni, anche per due volte al giorno nella piscina del centro sportivo di Borgo Valsugana, sede sociale e fra pochi anni, anche per il periodo invernale sede degli allenamenti e di tutta l\u2019attivit\u00e0 istituzionale della Associazione. Durante tutta l\u2019estate molti i genitori provenienti da Vattaro, Pergine, Levico Terme e da tutta la bassa Valsugana che hanno accompagnato i propri ragazzi agli allenamenti e hanno approfittato della bella struttura per rimanere e godersi il sole estivo soggiornando e consumando presso la piscina. Il prossimo anno il direttivo pensa di organizzare per questo una colonia sportiva riservata agli atleti dell\u2019associazione, che in tal modo possano allenarsi senza trascurare i doveri scolastici, apprendendo nel frattempo anche altri sport. Il 15 luglio una quindicina di atleti fra agonisti e master hanno partecipato alla mezzofondo di Carole in mare. Gara di 2 km, svoltasi in mare aperto. L\u2019esordiente B Loss Nicholas ha portato a casa una medaglia d\u2019oro quale miglior esordiente B. Molti gli atleti presenti da tutto il nord Italia. Trasferta austriaca per i master nel primo week end di agosto, dove nove atleti hanno portato a casa dodici medaglie pi\u00f9 due<span>  <\/span>coppe per le staffette vinte. Le migliori prestazioni sono state di Roberto Simoni nei 50 stile libero, 200 misti, 50 farfalla e di Anna Fontana nei 50 rana, 800 stile libero (primo posto), 50 delfino (terzo posto). Buoni i piazzamenti di Loretta Tessadri, Erika Bertoni, Giuliana Sordo, Gianmaria Avanzo, Valeria Oss Moser, Daniele Armelao e Stefani Ornella. Nei giorni 28-30 agosto Daniele e Anna parteciperanno ai Campionati Europei Master a Kranj in Slovenia. Trenta ragazzi parteciperanno alle gare di nuoto in programma a Predazzo in occasione del festival dello sport del 30 agosto 1 settembre.<\/span><span style=\"font-size: 10pt; font-family: 'Verdana','sans-serif';\">Sono aperte le iscrizioni per l\u2019attivit\u00e0 invernale che si svolger\u00e0 a partire dal 24 settembre 2007 presso la piscina di Levico Terme. Si effettueranno i consueti allenamenti per il settore agonistico, propaganda, master. Saranno attivati inoltre corsi di nuoto per bambini e adulti oltre che ai corsi di acquagym e lezioni private. Da settembre partiranno anche i corsi scolastici, ancora disponibili dei posti. Coordinatrice di tutta l\u2019attivit\u00e0 \u00e8 la docente di Educazione Fisica nonch\u00e9 tecnico F.I.N. prof.ssa Anna Fontana.<span>  <\/span>Informazioni presso <span context=\"320\/8490893\" durex=\"695\" onmouseout=\"javascript:skype_tb_imgOnOff(this,0,'0',true,16,'');\" onclick=\"javascript:doRunCMD('call','0',null,0);return skype_tb_stopEvents();\" title=\"Call this phone number in Italy with Skype: +393208490893\" onmouseover=\"javascript:skype_tb_imgOnOff(this,1,'0',true,16,'');\" id=\"softomate_highlight_0\" onmousedown=\"javascript:skype_tb_imgOnOff(this,2,'0',true,16,'');return skype_tb_stopEvents();\" oncontextmenu=\"javascript:skype_tb_SwitchDrop(this,'0','sms=1');return skype_tb_stopEvents();\" class=\"skype_tb_injection\" onmouseup=\"javascript:skype_tb_imgOnOff(this,1,'0',true,16,'');return skype_tb_stopEvents();\"><span onmouseout=\"javascript:doSkypeFlag(this,'0',0,1,16);\" onclick=\"javascript:doHandleChdial(this,1,'0',1);return skype_tb_stopEvents();\" title=\"Modifica codice di composizione\u2026\" onmouseover=\"javascript:doSkypeFlag(this,'0',1,1,16);\" id=\"skype_tb_droppart_0\" onmousedown=\"javascript:doSkypeFlag(this,'0',2,1,16);return skype_tb_stopEvents();\" class=\"skype_tb_imgA\" onmouseup=\"javascript:doSkypeFlag(this,'0',1,1,16);return skype_tb_stopEvents();\"><span id=\"skype_tb_img_f0\" class=\"skype_tb_imgFlag\"><\/span><\/span><span id=\"skype_tb_img_s0\" class=\"skype_tb_imgS\"><\/span><span id=\"skype_tb_text0\" class=\"skype_tb_injectionIn\"><span id=\"skype_tb_innerText0\" class=\"skype_tb_innerText\">320\/8490893<\/span><\/span><span id=\"skype_tb_img_r0\" class=\"skype_tb_imgR\"><\/span><\/span>.<\/span><\/p>\n<p align=\"center\">&nbsp;<img loading=\"lazy\" decoding=\"async\" width=\"491\" vspace=\"0\" hspace=\"0\" height=\"326\" border=\"0\" align=\"bottom\" src=\"http:\/\/www.sportgiallorosso.it\/public\/base\/wp-content\/uploads\/2007\/08\/rarinantesatleti.jpg\" alt=\"Atleti Rari Nantes\" \/><\/p>\n","protected":false},"excerpt":{"rendered":"<p>Dopo aver vinto la Coppa Manazzon, quale miglior societ\u00e0 in provincia nel settore Amatori Maschile, il gruppo Master della Rari Nantes Valsugana composto da dieci atleti ha partecipato ai Campionati Italiani Master di Chianciano. Dal 4 al 16 giugno 2007 i tecnici Daniele Armelao e Anna Fontana hanno partecipato per la seconda volta allo stage [&hellip;]<\/p>\n","protected":false},"author":1,"featured_media":0,"comment_status":"closed","ping_status":"closed","sticky":false,"template":"","format":"standard","meta":{"footnotes":""},"categories":[8],"tags":[],"_links":{"self":[{"href":"http:\/\/www.sportgiallorosso.it\/public\/base\/index.php?rest_route=\/wp\/v2\/posts\/42"}],"collection":[{"href":"http:\/\/www.sportgiallorosso.it\/public\/base\/index.php?rest_route=\/wp\/v2\/posts"}],"about":[{"href":"http:\/\/www.sportgiallorosso.it\/public\/base\/index.php?rest_route=\/wp\/v2\/types\/post"}],"author":[{"embeddable":true,"href":"http:\/\/www.sportgiallorosso.it\/public\/base\/index.php?rest_route=\/wp\/v2\/users\/1"}],"replies":[{"embeddable":true,"href":"http:\/\/www.sportgiallorosso.it\/public\/base\/index.php?rest_route=%2Fwp%2Fv2%2Fcomments&post=42"}],"version-history":[{"count":0,"href":"http:\/\/www.sportgiallorosso.it\/public\/base\/index.php?rest_route=\/wp\/v2\/posts\/42\/revisions"}],"wp:attachment":[{"href":"http:\/\/www.sportgiallorosso.it\/public\/base\/index.php?rest_route=%2Fwp%2Fv2%2Fmedia&parent=42"}],"wp:term":[{"taxonomy":"category","embeddable":true,"href":"http:\/\/www.sportgiallorosso.it\/public\/base\/index.php?rest_route=%2Fwp%2Fv2%2Fcategories&post=42"},{"taxonomy":"post_tag","embeddable":true,"href":"http:\/\/www.sportgiallorosso.it\/public\/base\/index.php?rest_route=%2Fwp%2Fv2%2Ftags&post=42"}],"curies":[{"name":"wp","href":"https:\/\/api.w.org\/{rel}","templated":true}]}}