{"id":2827,"date":"2011-06-14T18:16:48","date_gmt":"2011-06-14T16:16:48","guid":{"rendered":"http:\/\/www.sportgiallorosso.it\/public\/base\/?p=2827"},"modified":"2011-06-14T18:26:42","modified_gmt":"2011-06-14T16:26:42","slug":"borgo-fondato-nel-1971-il-gs-ausugum-festeggia-questanno-i-suoi-40-anni-di-attivita","status":"publish","type":"post","link":"http:\/\/www.sportgiallorosso.it\/public\/base\/?p=2827","title":{"rendered":"BORGO &#8211; Fondato nel 1971, il Gs Ausugum festeggia quest&#8217;anno i suoi 40 anni di attivit\u00e0"},"content":{"rendered":"<p><span style=\"color: #800000;\"><strong>BORGO<\/strong><\/span> &#8211; Fondato nel 1971, il<span style=\"color: #000080;\"> Gs Ausugum<\/span> festeggia quest&#8217;anno i suoi 40 anni di attivit\u00e0. Una societ\u00e0 di pallavolo che, puntando soprattutto sulla valorizzazione degli atleti locali, in questi quattro lustri \u00e8 stata impegnata anche in diversi campionati nazionali. In occasione della mostra-mercato Valsugana Expo, presentando il calendario delle manifestazioni in programma, il presidente <em>Willy Cia <\/em>e i suoi collaboratori hanno allestito uno stand commemorativo. In questi giorni, e per tutta l&#8217;estate, sulla facciata del municipio verr\u00e0 posizionato un banner che riprodurr\u00e0 tutte le foto storiche raccontate negli archivi della societ\u00e0 e riguardanti questi primi 40 anni di attivit\u00e0. \u00abIn occasione della giornata dell&#8217;atleta, il 9 luglio &#8211; ricorda <em>Willy Cia<\/em> &#8211; verr\u00e0 presentato il libro fotografico con gli scatti pi\u00f9 significativi della nostra storia mentre il 17 settembre, ail palazzetto dello sport, verr\u00e0 organizzata una cena aperta a tutti gli ex giocatori, gli allenatori, i dirigenti, con la presentazione del video e della maglietta commemorative\u00bb. Non \u00e8 finita, perch\u00e9 la societ\u00e0 sta anche lavorando per organizzare, nella palestra del centro sportivo, una partita amichevole di alto livello. \u00abLa nostra intenzione &#8211; conclude il presidente &#8211; non \u00e8 solo di celebrare questo anniversario: vogliamo condividerlo e festeggiarlo con l&#8217;intera popolazione della Valsugana\u00bb.<\/p>\n<p><a href=\"http:\/\/www.ladige.it\/news\/2008_lay_homepage_01.php?id_cat=4\" target=\"_blank\"><span style=\"color: #800000;\"><strong>Da L\u2019adige del 14\/06\/2011 &#8211;\u00a0 M.D.<\/strong><\/span><\/a><\/p>\n","protected":false},"excerpt":{"rendered":"<p>BORGO &#8211; Fondato nel 1971, il Gs Ausugum festeggia quest&#8217;anno i suoi 40 anni di attivit\u00e0. Una societ\u00e0 di pallavolo che, puntando soprattutto sulla valorizzazione degli atleti locali, in questi quattro lustri \u00e8 stata impegnata anche in diversi campionati nazionali. In occasione della mostra-mercato Valsugana Expo, presentando il calendario delle manifestazioni in programma, il presidente [&hellip;]<\/p>\n","protected":false},"author":1,"featured_media":0,"comment_status":"open","ping_status":"open","sticky":false,"template":"","format":"standard","meta":{"footnotes":""},"categories":[5],"tags":[],"_links":{"self":[{"href":"http:\/\/www.sportgiallorosso.it\/public\/base\/index.php?rest_route=\/wp\/v2\/posts\/2827"}],"collection":[{"href":"http:\/\/www.sportgiallorosso.it\/public\/base\/index.php?rest_route=\/wp\/v2\/posts"}],"about":[{"href":"http:\/\/www.sportgiallorosso.it\/public\/base\/index.php?rest_route=\/wp\/v2\/types\/post"}],"author":[{"embeddable":true,"href":"http:\/\/www.sportgiallorosso.it\/public\/base\/index.php?rest_route=\/wp\/v2\/users\/1"}],"replies":[{"embeddable":true,"href":"http:\/\/www.sportgiallorosso.it\/public\/base\/index.php?rest_route=%2Fwp%2Fv2%2Fcomments&post=2827"}],"version-history":[{"count":3,"href":"http:\/\/www.sportgiallorosso.it\/public\/base\/index.php?rest_route=\/wp\/v2\/posts\/2827\/revisions"}],"predecessor-version":[{"id":2829,"href":"http:\/\/www.sportgiallorosso.it\/public\/base\/index.php?rest_route=\/wp\/v2\/posts\/2827\/revisions\/2829"}],"wp:attachment":[{"href":"http:\/\/www.sportgiallorosso.it\/public\/base\/index.php?rest_route=%2Fwp%2Fv2%2Fmedia&parent=2827"}],"wp:term":[{"taxonomy":"category","embeddable":true,"href":"http:\/\/www.sportgiallorosso.it\/public\/base\/index.php?rest_route=%2Fwp%2Fv2%2Fcategories&post=2827"},{"taxonomy":"post_tag","embeddable":true,"href":"http:\/\/www.sportgiallorosso.it\/public\/base\/index.php?rest_route=%2Fwp%2Fv2%2Ftags&post=2827"}],"curies":[{"name":"wp","href":"https:\/\/api.w.org\/{rel}","templated":true}]}}