{"id":2550,"date":"2011-04-14T20:04:44","date_gmt":"2011-04-14T18:04:44","guid":{"rendered":"http:\/\/www.sportgiallorosso.it\/public\/base\/?p=2550"},"modified":"2011-04-14T20:04:44","modified_gmt":"2011-04-14T18:04:44","slug":"allievi-le-ultime-news","status":"publish","type":"post","link":"http:\/\/www.sportgiallorosso.it\/public\/base\/?p=2550","title":{"rendered":"Allievi &#8211; Le ultime &#8230;. news"},"content":{"rendered":"<p style=\"text-align: justify;\">Giovedi\u00a0 7 Aprile si \u00e8 disputato il recupero della 12a giornata del girone di andata.<\/p>\n<p>Saranno stati i primi caldi, o la forzata sosta che li ha tenuti lontani dal vivo del campionato per ben 2 settimane, fatto sta che i nostri allievi provinciali incappano nella loro prima e vera sconfitta stagionale, una battuta d&#8217;arresto che rischia di diventare pericolosa in vista dei prossimi scontri con le dirette inseguitrici.<\/p>\n<p>La sconfitta maturata in quel di Ischia \u00e8 da imputare all&#8217;intero collettivo che non ha saputo imporre il proprio gioco e che nonostante avesse chiuso a proprio vantaggio il primo parziale (1 a 0 con rete di Driouchy) ha miseramente deposto le armi nella seconda frazione subendo cos\u00ec, le due reti che ne hanno decretato poi la sconfitta finale.<\/p>\n<p>&#8220;<span style=\"color: #800000;\"><strong>Inguardabili<\/strong><\/span>&#8221; il commento che i sostenitori hanno espresso al termine dell&#8217;incontro.<\/p>\n<p><a href=\"http:\/\/www.sportgiallorosso.it\/public\/base\/wp-content\/uploads\/2011\/04\/P1220633.jpg\"><img loading=\"lazy\" decoding=\"async\" class=\"alignnone size-full wp-image-2553\" title=\"P1220633\" src=\"http:\/\/www.sportgiallorosso.it\/public\/base\/wp-content\/uploads\/2011\/04\/P1220633.jpg\" alt=\"\" width=\"409\" height=\"306\" srcset=\"http:\/\/www.sportgiallorosso.it\/public\/base\/wp-content\/uploads\/2011\/04\/P1220633.jpg 1280w, http:\/\/www.sportgiallorosso.it\/public\/base\/wp-content\/uploads\/2011\/04\/P1220633-300x225.jpg 300w, http:\/\/www.sportgiallorosso.it\/public\/base\/wp-content\/uploads\/2011\/04\/P1220633-1024x768.jpg 1024w\" sizes=\"(max-width: 409px) 100vw, 409px\" \/><\/a><\/p>\n<p>Due giorni dopo a Rovereto i nostri erano attesi alla prova del 9 contro la locale formazione del Sacco San Giorgio che aveva appena castigato nelle prime giornate del girone di ritorno sia la Vigolana che la stessa Ischia, incontrata da noi 2 giorni prima; e questa volta con il giusto agonismo sono riusciti a portare a casa i 3 punti con una stoccata vincente del solito Driouchy Omar sempre in rete nelle ultime giornate (ha colpito anche la traversa con delizioso pallonetto a scavalco dell&#8217;ultimo difensore reveretano). Mister Gianesini si attendeva il pronto riscatto da parte dei suoi ragazzi e di sicuro, almeno nel gioco espresso questo c&#8217;\u00e8 stato; resta ancora qualcosa da mettere posto nel reparto offensivo dove alle tante occasioni create non corrispondono le attese realizzazioni da parte dei nostri attaccanti.<\/p>\n<p>Ora dopo la &#8220;classica&#8221; con il Trento (altro recupero che per\u00f2 non d\u00e0 punti in quanto il Trento \u00e8 fuori classifica) e le due partite in valle prima con l&#8217;Otrefersina (16\/4) e poi l&#8217;Ortigaralefre (01\/05) l&#8217;incontro casalingo con il Telve (7\/05) ; derby che potrebbe indicare la probabile squadra vincitrice del girone.<\/p>\n<p><a href=\"http:\/\/www.sportgiallorosso.it\/public\/base\/wp-content\/uploads\/2011\/04\/P1220652.jpg\"><img loading=\"lazy\" decoding=\"async\" class=\"alignnone size-full wp-image-2554\" title=\"P1220652\" src=\"http:\/\/www.sportgiallorosso.it\/public\/base\/wp-content\/uploads\/2011\/04\/P1220652.jpg\" alt=\"\" width=\"589\" height=\"440\" \/><\/a><\/p>\n<p>Ricordiamo inoltre che gli allievi parteciperanno a partire dal 21 aprile a Trento al Torneo &#8220;<span style=\"color: #800000;\"><strong>40\u00b0 Memorial Gigi Colle<\/strong><\/span>&#8220;; primo incontro con\u00a0 il <strong><span style=\"color: #ff0000;\">GS Bolghera<\/span><\/strong> e poi il 05\/05 con la <span style=\"color: #ff0000;\"><strong>Virtus Trento<\/strong><\/span>.<\/p>\n<p>Forza ragazzi!!<\/p>\n<p>&nbsp;<\/p>\n<p style=\"text-align: justify;\">&nbsp;<\/p>\n","protected":false},"excerpt":{"rendered":"<p>Giovedi\u00a0 7 Aprile si \u00e8 disputato il recupero della 12a giornata del girone di andata. Saranno stati i primi caldi, o la forzata sosta che li ha tenuti lontani dal vivo del campionato per ben 2 settimane, fatto sta che i nostri allievi provinciali incappano nella loro prima e vera sconfitta stagionale, una battuta d&#8217;arresto [&hellip;]<\/p>\n","protected":false},"author":1,"featured_media":0,"comment_status":"open","ping_status":"open","sticky":false,"template":"","format":"standard","meta":{"footnotes":""},"categories":[2],"tags":[],"_links":{"self":[{"href":"http:\/\/www.sportgiallorosso.it\/public\/base\/index.php?rest_route=\/wp\/v2\/posts\/2550"}],"collection":[{"href":"http:\/\/www.sportgiallorosso.it\/public\/base\/index.php?rest_route=\/wp\/v2\/posts"}],"about":[{"href":"http:\/\/www.sportgiallorosso.it\/public\/base\/index.php?rest_route=\/wp\/v2\/types\/post"}],"author":[{"embeddable":true,"href":"http:\/\/www.sportgiallorosso.it\/public\/base\/index.php?rest_route=\/wp\/v2\/users\/1"}],"replies":[{"embeddable":true,"href":"http:\/\/www.sportgiallorosso.it\/public\/base\/index.php?rest_route=%2Fwp%2Fv2%2Fcomments&post=2550"}],"version-history":[{"count":3,"href":"http:\/\/www.sportgiallorosso.it\/public\/base\/index.php?rest_route=\/wp\/v2\/posts\/2550\/revisions"}],"predecessor-version":[{"id":2558,"href":"http:\/\/www.sportgiallorosso.it\/public\/base\/index.php?rest_route=\/wp\/v2\/posts\/2550\/revisions\/2558"}],"wp:attachment":[{"href":"http:\/\/www.sportgiallorosso.it\/public\/base\/index.php?rest_route=%2Fwp%2Fv2%2Fmedia&parent=2550"}],"wp:term":[{"taxonomy":"category","embeddable":true,"href":"http:\/\/www.sportgiallorosso.it\/public\/base\/index.php?rest_route=%2Fwp%2Fv2%2Fcategories&post=2550"},{"taxonomy":"post_tag","embeddable":true,"href":"http:\/\/www.sportgiallorosso.it\/public\/base\/index.php?rest_route=%2Fwp%2Fv2%2Ftags&post=2550"}],"curies":[{"name":"wp","href":"https:\/\/api.w.org\/{rel}","templated":true}]}}